{"id":229,"__str__":"Requerimento n\u00ba 9 de 2022 | Proposi\u00e7\u00e3o inclusa na Ordem do Dia | 09/02/2022","link_detail_backend":"/materia/tramitacao/229","metadata":{},"timestamp":"2022-02-11T13:56:06.945913-03:00","data_tramitacao":"2022-02-09","data_encaminhamento":null,"urgente":false,"turno":"U","texto":"Proposi\u00e7\u00e3o inclusa no ordem do dia 14/02/2022, para discuss\u00e3o e vota\u00e7\u00e3o.","data_fim_prazo":null,"ip":"177.66.253.205","ultima_edicao":"2022-02-11T13:55:48.323371-03:00","status":3,"materia":536,"unidade_tramitacao_local":29,"unidade_tramitacao_destino":6,"user":4}